{"id":310,"date":"2017-02-13T21:26:25","date_gmt":"2017-02-13T21:26:25","guid":{"rendered":"http:\/\/thijssentaekwondo.nl\/doorn\/?p=310"},"modified":"2018-05-22T19:19:00","modified_gmt":"2018-05-22T19:19:00","slug":"hennie-thijssen-gepromoveerd-tot-taekwon-do-master-7e-dan","status":"publish","type":"post","link":"https:\/\/thijssentaekwondo.nl\/doorn\/hennie-thijssen-gepromoveerd-tot-taekwon-do-master-7e-dan\/","title":{"rendered":"Hennie Thijssen gepromoveerd tot Taekwon-Do Master \/ 7e Dan"},"content":{"rendered":"<p><a href=\"http:\/\/thijssentaekwondo.nl\/wp-content\/uploads\/2017\/02\/Promotie-Dangraadexamen-Taekwon-Do-Master-7e-Dan-Hennie-Thijssen.jpg\"><img loading=\"lazy\" decoding=\"async\" class=\"size-medium wp-image-667 aligncenter\" src=\"http:\/\/thijssentaekwondo.nl\/wp-content\/uploads\/2017\/02\/Promotie-Dangraadexamen-Taekwon-Do-Master-7e-Dan-Hennie-Thijssen-300x300.jpg\" alt=\"\" width=\"300\" height=\"300\" \/><\/a>Afgelopen weekend is na afloop van een internationaal intensief ITF Taekwon-Do seminar in Bochum (Duitsland) hoofdleraar Hennie Thijssen van de Thijssen Taekwon-Do Academie door de Vice-President van de Internationale Taekwon-Do Federatie ITF Grandmaster Trevor Nicholls, (9e Dan) gepromoveerd tot Taekwon-Do Master \/ 7e Dan. De promotie vond plaats na een intensief seminar met een ge\u00efntegreerd examen in aanwezigheid van afgevaardigden uit diverse landen zoals Duitsland, Oostenrijk, Albani\u00eb, Engeland, Itali\u00eb, Sloveni\u00eb, Polen, Ierland, Tsjechi\u00eb en Nederland.<\/p>\n<p>Hennie Thijssen beoefent de van oorsprong Koreaanse en complete zelfverdedigingskunst vanaf jonge leeftijd al zo\u2019n 48 jaar en geeft na zijn periode in Nijmegen waar hij is geboren sinds 1983 met zijn assistenten les bij de Thijssen Taekwon-Do Academie in Houten. Sinds enkele jaren verzorgt hij in zijn priv\u00e9 Dojang (trainingsruimte) in de Utrechtse Heuvelrug (Doorn) tevens speciale lessen op maat voor diverse doelgroepen en leeftijden waaronder Taekwon-Do, Sekwon-Do 50+, Special Needs Taekwon-Do, Personal Training gezondheidswandelingen.<\/p>\n<p>De promotie is uniek voor Nederland en kan alleen plaatsvinden nadat men minimaal 7 jaar op Nationaal en Internationaal niveau doorlopend getraind heeft bij Masters en Grandmasters na het behalen van de 6e Dangraad, zowel het technische als mentale deel (de \u2018Do\u2019) in ruim voldoende mate beheerst en wanneer de President van de ITF, Grandmaster Choi Jung Hwa (de zoon van de grondlegger van het Taekwon-Do (wijlen Generaal Choi Hong Hi) daar toestemming voor geeft.<\/p>\n<p>Grandmaster Choi Jung Hwa staat als opvolger van zijn vader aan het hoofd van de Internationale Taekwon-Do Federatie ITF en Hennie door de jaren heen met regelmaat meerdaagse trainingen\/seminars bijgewoond waaronder die van enkele maanden geleden nog in Polen (zie bijvoorbeeld het youtube filmpje \u2018International Taekwon-Do ITF Seminar &#8211; Grand Master Choi Jung Hwa, GrandMaster Trevor Nicholls\u2019).<br \/>\nIn de wereld zijn er diverse ITF organisaties met diverse eisen betreffende niveau, kennis, wachttijden en vaardigheden en dat is nog weleens verwarrend voor de leek!<\/p>\n<p>Vanuit de gehele wereld heeft Hennie honderden felicitaties en mooie woorden ontvangen van Grandmasters, Masters, Instructeurs en leden van clubs en organisaties (zie hiervoor de website met onder andere felicitaties van Grandmaster Choi Jung Hwa, zijn dochter en van Sabum Willem Jansen die samen met Sabum Paul van Beersum mede-auteur is van een reeks van vier unieke Taekwon-Do boeken (Taekwon-Do, De weg naar succes).<\/p>\n<p>Wilt u meer informatie over de inspirerende zelfverdedigingskunst Taekwon-Do of bent u op zoek naar een mooie sportieve beoefening of een Masterclass op maat? Kijk dan op de website www.ThijssenTaekwondo.nl of www.ThijssenTaekwondo.nl\/doorn of neem contact op met Master Hennie Thijssen, henniethijssen@gmail.com of 0655776039.<a href=\"http:\/\/thijssentaekwondo.nl\/wp-content\/uploads\/2017\/02\/16422259_716551945178699_3943183333636224948_o.jpg\"><img loading=\"lazy\" decoding=\"async\" class=\"alignnone wp-image-669\" src=\"http:\/\/thijssentaekwondo.nl\/wp-content\/uploads\/2017\/02\/16422259_716551945178699_3943183333636224948_o-300x118.jpg\" alt=\"\" width=\"521\" height=\"216\" \/> <\/a><a href=\"http:\/\/thijssentaekwondo.nl\/doorn\/wp-content\/uploads\/2017\/02\/Felicitatie-Jasmine.jpg\"><img loading=\"lazy\" decoding=\"async\" class=\"alignnone wp-image-316\" src=\"http:\/\/thijssentaekwondo.nl\/doorn\/wp-content\/uploads\/2017\/02\/Felicitatie-Jasmine-300x278.jpg\" width=\"268\" height=\"248\" srcset=\"https:\/\/thijssentaekwondo.nl\/doorn\/wp-content\/uploads\/2017\/02\/Felicitatie-Jasmine-300x278.jpg 300w, https:\/\/thijssentaekwondo.nl\/doorn\/wp-content\/uploads\/2017\/02\/Felicitatie-Jasmine-700x648.jpg 700w, https:\/\/thijssentaekwondo.nl\/doorn\/wp-content\/uploads\/2017\/02\/Felicitatie-Jasmine.jpg 712w\" sizes=\"auto, (max-width: 268px) 100vw, 268px\" \/><\/a><a href=\"http:\/\/thijssentaekwondo.nl\/doorn\/wp-content\/uploads\/2017\/02\/Felicitatie-Choi-Jung-Hwa.jpg\"><img loading=\"lazy\" decoding=\"async\" class=\"alignnone wp-image-312 size-medium\" src=\"http:\/\/thijssentaekwondo.nl\/doorn\/wp-content\/uploads\/2017\/02\/Felicitatie-Choi-Jung-Hwa-263x300.jpg\" width=\"263\" height=\"300\" srcset=\"https:\/\/thijssentaekwondo.nl\/doorn\/wp-content\/uploads\/2017\/02\/Felicitatie-Choi-Jung-Hwa-263x300.jpg 263w, https:\/\/thijssentaekwondo.nl\/doorn\/wp-content\/uploads\/2017\/02\/Felicitatie-Choi-Jung-Hwa.jpg 581w\" sizes=\"auto, (max-width: 263px) 100vw, 263px\" \/><\/a><a href=\"http:\/\/thijssentaekwondo.nl\/doorn\/wp-content\/uploads\/2017\/02\/Artikel-promotie-Mastergraad-Houtens-Nieuws-22-februari-2017.jpg\"><img loading=\"lazy\" decoding=\"async\" class=\"alignnone wp-image-339\" src=\"http:\/\/thijssentaekwondo.nl\/doorn\/wp-content\/uploads\/2017\/02\/Artikel-promotie-Mastergraad-Houtens-Nieuws-22-februari-2017-274x300.jpg\" width=\"293\" height=\"320\" srcset=\"https:\/\/thijssentaekwondo.nl\/doorn\/wp-content\/uploads\/2017\/02\/Artikel-promotie-Mastergraad-Houtens-Nieuws-22-februari-2017-274x300.jpg 274w, https:\/\/thijssentaekwondo.nl\/doorn\/wp-content\/uploads\/2017\/02\/Artikel-promotie-Mastergraad-Houtens-Nieuws-22-februari-2017.jpg 605w\" sizes=\"auto, (max-width: 293px) 100vw, 293px\" \/><\/a><a href=\"http:\/\/thijssentaekwondo.nl\/doorn\/wp-content\/uploads\/2017\/02\/Felicitatie-Grandmaster-Nicholls.jpg\"><img loading=\"lazy\" decoding=\"async\" class=\"alignnone wp-image-313 size-medium\" src=\"http:\/\/thijssentaekwondo.nl\/doorn\/wp-content\/uploads\/2017\/02\/Felicitatie-Grandmaster-Nicholls-279x300.jpg\" width=\"279\" height=\"300\" srcset=\"https:\/\/thijssentaekwondo.nl\/doorn\/wp-content\/uploads\/2017\/02\/Felicitatie-Grandmaster-Nicholls-279x300.jpg 279w, https:\/\/thijssentaekwondo.nl\/doorn\/wp-content\/uploads\/2017\/02\/Felicitatie-Grandmaster-Nicholls.jpg 583w\" sizes=\"auto, (max-width: 279px) 100vw, 279px\" \/><\/a><a href=\"http:\/\/thijssentaekwondo.nl\/doorn\/wp-content\/uploads\/2017\/02\/Felicitatie-Willem-Jansen.jpg\"><img loading=\"lazy\" decoding=\"async\" class=\"alignnone wp-image-314 size-medium\" src=\"http:\/\/thijssentaekwondo.nl\/doorn\/wp-content\/uploads\/2017\/02\/Felicitatie-Willem-Jansen-300x75.jpg\" width=\"300\" height=\"75\" srcset=\"https:\/\/thijssentaekwondo.nl\/doorn\/wp-content\/uploads\/2017\/02\/Felicitatie-Willem-Jansen-300x75.jpg 300w, https:\/\/thijssentaekwondo.nl\/doorn\/wp-content\/uploads\/2017\/02\/Felicitatie-Willem-Jansen-768x191.jpg 768w, https:\/\/thijssentaekwondo.nl\/doorn\/wp-content\/uploads\/2017\/02\/Felicitatie-Willem-Jansen-1024x254.jpg 1024w, https:\/\/thijssentaekwondo.nl\/doorn\/wp-content\/uploads\/2017\/02\/Felicitatie-Willem-Jansen-1140x290.jpg 1140w, https:\/\/thijssentaekwondo.nl\/doorn\/wp-content\/uploads\/2017\/02\/Felicitatie-Willem-Jansen-700x174.jpg 700w, https:\/\/thijssentaekwondo.nl\/doorn\/wp-content\/uploads\/2017\/02\/Felicitatie-Willem-Jansen.jpg 1167w\" sizes=\"auto, (max-width: 300px) 100vw, 300px\" \/><\/a><\/p>\n<p>&nbsp;<\/p>\n<p><img loading=\"lazy\" decoding=\"async\" class=\"alignnone wp-image-340\" src=\"http:\/\/thijssentaekwondo.nl\/doorn\/wp-content\/uploads\/2017\/02\/Artikel-promotie-Master-3-260x300.jpg\" alt=\"\" width=\"295\" height=\"340\" srcset=\"https:\/\/thijssentaekwondo.nl\/doorn\/wp-content\/uploads\/2017\/02\/Artikel-promotie-Master-3-260x300.jpg 260w, https:\/\/thijssentaekwondo.nl\/doorn\/wp-content\/uploads\/2017\/02\/Artikel-promotie-Master-3.jpg 574w\" sizes=\"auto, (max-width: 295px) 100vw, 295px\" \/><\/p>\n<p><img loading=\"lazy\" decoding=\"async\" class=\"alignnone wp-image-341\" src=\"http:\/\/thijssentaekwondo.nl\/doorn\/wp-content\/uploads\/2017\/02\/Artikel-promotie-Mastergraad-2-283x300.jpg\" alt=\"\" width=\"297\" height=\"315\" srcset=\"https:\/\/thijssentaekwondo.nl\/doorn\/wp-content\/uploads\/2017\/02\/Artikel-promotie-Mastergraad-2-283x300.jpg 283w, https:\/\/thijssentaekwondo.nl\/doorn\/wp-content\/uploads\/2017\/02\/Artikel-promotie-Mastergraad-2.jpg 625w\" sizes=\"auto, (max-width: 297px) 100vw, 297px\" \/><\/p>\n<p><img loading=\"lazy\" decoding=\"async\" class=\"alignnone size-medium wp-image-342\" src=\"http:\/\/thijssentaekwondo.nl\/doorn\/wp-content\/uploads\/2017\/02\/Artikel-promotiegraad-4-300x271.jpg\" alt=\"\" width=\"300\" height=\"271\" srcset=\"https:\/\/thijssentaekwondo.nl\/doorn\/wp-content\/uploads\/2017\/02\/Artikel-promotiegraad-4-300x271.jpg 300w, https:\/\/thijssentaekwondo.nl\/doorn\/wp-content\/uploads\/2017\/02\/Artikel-promotiegraad-4-700x632.jpg 700w, https:\/\/thijssentaekwondo.nl\/doorn\/wp-content\/uploads\/2017\/02\/Artikel-promotiegraad-4.jpg 733w\" sizes=\"auto, (max-width: 300px) 100vw, 300px\" \/><\/p>\n<p>&nbsp;<\/p>\n","protected":false},"excerpt":{"rendered":"<p>Afgelopen weekend is na afloop van een internationaal intensief ITF Taekwon-Do seminar in Bochum (Duitsland) hoofdleraar Hennie Thijssen van de Thijssen Taekwon-Do Academie door de Vice-President van de Internationale Taekwon-Do Federatie ITF Grandmaster Trevor Nicholls, (9e Dan) gepromoveerd tot Taekwon-Do Master \/ 7e Dan. De promotie vond plaats na een &#8230;<\/p>\n","protected":false},"author":1,"featured_media":307,"comment_status":"open","ping_status":"closed","sticky":false,"template":"","format":"standard","meta":{"footnotes":""},"categories":[1],"tags":[],"class_list":["post-310","post","type-post","status-publish","format-standard","has-post-thumbnail","hentry","category-uncategorized","column","twocol","has-thumbnail"],"_links":{"self":[{"href":"https:\/\/thijssentaekwondo.nl\/doorn\/wp-json\/wp\/v2\/posts\/310","targetHints":{"allow":["GET"]}}],"collection":[{"href":"https:\/\/thijssentaekwondo.nl\/doorn\/wp-json\/wp\/v2\/posts"}],"about":[{"href":"https:\/\/thijssentaekwondo.nl\/doorn\/wp-json\/wp\/v2\/types\/post"}],"author":[{"embeddable":true,"href":"https:\/\/thijssentaekwondo.nl\/doorn\/wp-json\/wp\/v2\/users\/1"}],"replies":[{"embeddable":true,"href":"https:\/\/thijssentaekwondo.nl\/doorn\/wp-json\/wp\/v2\/comments?post=310"}],"version-history":[{"count":8,"href":"https:\/\/thijssentaekwondo.nl\/doorn\/wp-json\/wp\/v2\/posts\/310\/revisions"}],"predecessor-version":[{"id":346,"href":"https:\/\/thijssentaekwondo.nl\/doorn\/wp-json\/wp\/v2\/posts\/310\/revisions\/346"}],"wp:featuredmedia":[{"embeddable":true,"href":"https:\/\/thijssentaekwondo.nl\/doorn\/wp-json\/wp\/v2\/media\/307"}],"wp:attachment":[{"href":"https:\/\/thijssentaekwondo.nl\/doorn\/wp-json\/wp\/v2\/media?parent=310"}],"wp:term":[{"taxonomy":"category","embeddable":true,"href":"https:\/\/thijssentaekwondo.nl\/doorn\/wp-json\/wp\/v2\/categories?post=310"},{"taxonomy":"post_tag","embeddable":true,"href":"https:\/\/thijssentaekwondo.nl\/doorn\/wp-json\/wp\/v2\/tags?post=310"}],"curies":[{"name":"wp","href":"https:\/\/api.w.org\/{rel}","templated":true}]}}